{"id":62,"count":9,"description":"2020\/1: Gy\u00f3gypedag\u00f3gus-k\u00f6zgazd\u00e1sz, az ELTE B\u00e1rczi Guszt\u00e1v Gy\u00f3gypedag\u00f3giai Kar \u00c1ltal\u00e1nos Gy\u00f3gypedag\u00f3giai Int\u00e9zet\u00e9nek oktat\u00f3ja \u00e9s az ELTE Pedag\u00f3giai \u00e9s Pszichol\u00f3giai Kar Nevel\u00e9studom\u00e1nyi Int\u00e9zet\u00e9nek doktorandusza. \u00c9rdekl\u0151d\u00e9se f\u00f3kusz\u00e1ban a t\u00e1rsadalmi innov\u00e1ci\u00f3k \u00e9s a fogyat\u00e9koss\u00e1g\u00fcgy inkluz\u00edv megk\u00f6zel\u00edt\u00e9s\u0171 kapcsol\u00f3d\u00e1sai \u00e1llnak.\r\n2023\/1. Gy\u00f3gypedag\u00f3gus-k\u00f6zgazd\u00e1sz, az ELTE B\u00e1rczi Guszt\u00e1v Gy\u00f3gypedag\u00f3giai Kara \u00c1ltal\u00e1nos Gy\u00f3gypedag\u00f3giai Int\u00e9zet\u00e9nek oktat\u00f3ja \u00e9s az ELTE Pedag\u00f3giai \u00e9s Pszichol\u00f3giai Kara Nevel\u00e9studom\u00e1nyi Int\u00e9zet\u00e9nek doktorandusza. \u00c9rdekl\u0151d\u00e9se f\u00f3kusz\u00e1ban a t\u00e1rsadalmi innov\u00e1ci\u00f3k \u00e9s a fogyat\u00e9koss\u00e1g\u00fcgy inkluz\u00edv megk\u00f6zel\u00edt\u00e9s\u0171 kapcsol\u00f3d\u00e1sai \u00e1llnak.\r\n2024\/2: gy\u00f3gypedag\u00f3gus, k\u00f6zgazd\u00e1sz, az ELTE E\u00f6tv\u00f6s Lor\u00e1nd Tudom\u00e1nyegyetem Nevel\u00e9studom\u00e1nyi Doktori Iskol\u00e1j\u00e1nak PhD hallgat\u00f3ja. Kutat\u00e1sai a fogyat\u00e9koss\u00e1ggal \u00e9l\u0151 szem\u00e9lyek \u00e9letp\u00e1lyatervez\u00e9s\u00e9hez \u00e9s foglalkoztat\u00e1s\u00e1hoz kapcsol\u00f3dnak.","link":"https:\/\/fogyatekossagtudomany.elte.hu\/en\/szerzo\/cserti-szauer-csilla\/","name":"Cserti-Szauer Csilla","slug":"cserti-szauer-csilla","taxonomy":"szerzo","meta":[],"acf":[],"_links":{"self":[{"href":"https:\/\/fogyatekossagtudomany.elte.hu\/en\/wp-json\/wp\/v2\/szerzo\/62","targetHints":{"allow":["GET"]}}],"collection":[{"href":"https:\/\/fogyatekossagtudomany.elte.hu\/en\/wp-json\/wp\/v2\/szerzo"}],"about":[{"href":"https:\/\/fogyatekossagtudomany.elte.hu\/en\/wp-json\/wp\/v2\/taxonomies\/szerzo"}],"wp:post_type":[{"href":"https:\/\/fogyatekossagtudomany.elte.hu\/en\/wp-json\/wp\/v2\/article?szerzo=62"}],"curies":[{"name":"wp","href":"https:\/\/api.w.org\/{rel}","templated":true}]}}