{"id":271,"count":1,"description":"2021\/1:  Az SZTE Juh\u00e1sz Gyula Pedag\u00f3gusk\u00e9pz\u0151 Kar Gy\u00f3gypedag\u00f3gus-k\u00e9pz\u0151 Int\u00e9zet nappali tagozatos, harmad\u00e9ves hallgat\u00f3ja. Tanulm\u00e1nyait \u00e9rtelmileg akad\u00e1lyozottak \u00e9s tanul\u00e1sban akad\u00e1lyozottak pedag\u00f3gi\u00e1ja szakir\u00e1nyon v\u00e9gzi. Az \u00daj Nemzeti Kiv\u00e1l\u00f3s\u00e1g Program (\u00daNKP) keret\u00e9ben a 2020\/21. tan\u00e9vben kutat\u00e1si \u00f6szt\u00f6nd\u00edjat nyert. Ugyanebben a tan\u00e9vben az OTDK keret\u00e9ben a helyi fordul\u00f3ban harmadik helyez\u00e9st \u00e9rt el, \u00e9s \u00edgy bejutott az orsz\u00e1gos fordul\u00f3ra \u201eA gondnoks\u00e1gr\u00f3l alkotott v\u00e9lem\u00e9ny: el\u0151ny vagy h\u00e1tr\u00e1ny?\u201d c\u00edm\u0171 tanulm\u00e1ny\u00e1val. \u00c9rdekl\u0151d\u00e9si ter\u00fcletei a gondnoks\u00e1g int\u00e9zm\u00e9nyrendszere, a k\u00f6nnyen \u00e9rthet\u0151 kommunik\u00e1ci\u00f3, valamint az autizmus spektrumzavarban \u00e9rintett tanul\u00f3k t\u00e1mogat\u00e1sa.","link":"https:\/\/fogyatekossagtudomany.elte.hu\/en\/szerzo\/peszeki-dorina\/","name":"Peszeki Dorina","slug":"peszeki-dorina","taxonomy":"szerzo","meta":[],"acf":[],"_links":{"self":[{"href":"https:\/\/fogyatekossagtudomany.elte.hu\/en\/wp-json\/wp\/v2\/szerzo\/271","targetHints":{"allow":["GET"]}}],"collection":[{"href":"https:\/\/fogyatekossagtudomany.elte.hu\/en\/wp-json\/wp\/v2\/szerzo"}],"about":[{"href":"https:\/\/fogyatekossagtudomany.elte.hu\/en\/wp-json\/wp\/v2\/taxonomies\/szerzo"}],"wp:post_type":[{"href":"https:\/\/fogyatekossagtudomany.elte.hu\/en\/wp-json\/wp\/v2\/article?szerzo=271"}],"curies":[{"name":"wp","href":"https:\/\/api.w.org\/{rel}","templated":true}]}}