{"id":197,"count":1,"description":"2020\/1:  Szociol\u00f3gus, szoci\u00e1lpolitikus, a Semmelweis Egyetem szoci\u00e1lis vezet\u0151k\u00e9pz\u0151j\u00e9nek strat\u00e9giai vezet\u0151je. Tapasztalatait els\u0151sorban civil, \u00f6nkorm\u00e1nyzati, \u00e1llami \u00e9s egyh\u00e1zi int\u00e9zm\u00e9nyfenntart\u00f3i feladatok ell\u00e1t\u00e1sa sor\u00e1n szerezte, kutat\u00e1si \u00e9s \u00e9rdekl\u0151d\u00e9si ter\u00fclete a szoci\u00e1lis szolg\u00e1ltat\u00e1smenedzsment, szoci\u00e1lis innov\u00e1ci\u00f3, szervezetszociol\u00f3gia \u00e9s a gyakorlati szoci\u00e1lis politik\u00e1k \u00e9rv\u00e9nyes\u00fcl\u00e9s\u00e9nek t\u00e9mak\u00f6rei. Jelenleg a KRE \u00c1llam- \u00e9s Jogtudom\u00e1nyi Kar Doktori Iskol\u00e1j\u00e1nak hallgat\u00f3ja.","link":"https:\/\/fogyatekossagtudomany.elte.hu\/en\/szerzo\/nyitrai-imre\/","name":"Nyitrai Imre","slug":"nyitrai-imre","taxonomy":"szerzo","meta":[],"acf":[],"_links":{"self":[{"href":"https:\/\/fogyatekossagtudomany.elte.hu\/en\/wp-json\/wp\/v2\/szerzo\/197","targetHints":{"allow":["GET"]}}],"collection":[{"href":"https:\/\/fogyatekossagtudomany.elte.hu\/en\/wp-json\/wp\/v2\/szerzo"}],"about":[{"href":"https:\/\/fogyatekossagtudomany.elte.hu\/en\/wp-json\/wp\/v2\/taxonomies\/szerzo"}],"wp:post_type":[{"href":"https:\/\/fogyatekossagtudomany.elte.hu\/en\/wp-json\/wp\/v2\/article?szerzo=197"}],"curies":[{"name":"wp","href":"https:\/\/api.w.org\/{rel}","templated":true}]}}